{"id":275,"date":"2003-03-29T16:58:27","date_gmt":"2003-03-29T19:58:27","guid":{"rendered":"http:\/\/midiamix.com.br\/editora\/?p=275"},"modified":"2020-12-04T11:49:10","modified_gmt":"2020-12-04T14:49:10","slug":"livro-fortalece-a-educacao-infantil-2","status":"publish","type":"post","link":"https:\/\/midiamix.com.br\/editora\/livro-fortalece-a-educacao-infantil-2\/","title":{"rendered":"Livro fortalece a educa\u00e7\u00e3o infantil"},"content":{"rendered":"\t\t<div data-elementor-type=\"wp-post\" data-elementor-id=\"275\" class=\"elementor elementor-275\" data-elementor-post-type=\"post\">\n\t\t\t\t\t\t<section class=\"elementor-section elementor-top-section elementor-element elementor-element-4ebc599a elementor-section-boxed elementor-section-height-default elementor-section-height-default\" data-id=\"4ebc599a\" data-element_type=\"section\">\n\t\t\t\t\t\t<div class=\"elementor-container elementor-column-gap-default\">\n\t\t\t\t\t<div class=\"elementor-column elementor-col-100 elementor-top-column elementor-element elementor-element-9bf80d6\" data-id=\"9bf80d6\" data-element_type=\"column\">\n\t\t\t<div class=\"elementor-widget-wrap elementor-element-populated\">\n\t\t\t\t\t\t<div class=\"elementor-element elementor-element-2a8c5ed2 elementor-widget elementor-widget-text-editor\" data-id=\"2a8c5ed2\" data-element_type=\"widget\" data-widget_type=\"text-editor.default\">\n\t\t\t\t<div class=\"elementor-widget-container\">\n\t\t\t\t\t\t\t\t\t<p><a href=\"https:\/\/midiamix.com.br\/editora\/wp-content\/uploads\/2020\/07\/img06.jpg\"><img fetchpriority=\"high\" decoding=\"async\" class=\"size-medium wp-image-277 alignleft\" src=\"https:\/\/midiamix.com.br\/editora\/wp-content\/uploads\/2020\/07\/img06-300x181.jpg\" alt=\"\" width=\"300\" height=\"181\" srcset=\"https:\/\/midiamix.com.br\/editora\/wp-content\/uploads\/2020\/07\/img06-300x181.jpg 300w, https:\/\/midiamix.com.br\/editora\/wp-content\/uploads\/2020\/07\/img06.jpg 584w\" sizes=\"(max-width: 300px) 100vw, 300px\" \/><\/a>Com o objetivo de qualificar as coberturas jornal\u00edsticas sobre temas relacionados \u00e0 educa\u00e7\u00e3o infantil, a Unesco (Organiza\u00e7\u00e3o das Na\u00e7\u00f5es Unidas para a Educa\u00e7\u00e3o) e a Funda\u00e7\u00e3o Orsa organizaram o livro\u00a0<em>Fontes para a educa\u00e7\u00e3o infantil<\/em>, editado pela Cortez com lan\u00e7amento em Bras\u00edlia, Bel\u00e9m e S\u00e3o Paulo, al\u00e9m de ter sido apresentado no F\u00f3rum Social de Educa\u00e7\u00e3o, em Porto Alegre (RS).<\/p><p>O projeto, que recebeu a consultoria t\u00e9cnica da Andi (Ag\u00eancia de Not\u00edcias dos Direitos da Inf\u00e2ncia), conta com a se\u00e7\u00e3o \u201cO que \u00e9, O que \u00e9\u201d, elaborado a partir do Dicion\u00e1rio Interativo da Educa\u00e7\u00e3o Brasileira, desenvolvido pela Ag\u00eancia EducaBrasil, parceira da Midiamix na produ\u00e7\u00e3o de conte\u00fados editoriais na \u00e1rea educacional. S\u00e3o 38 defini\u00e7\u00f5es de termos fundamentais para entender melhor a educa\u00e7\u00e3o infantil.<\/p><p>Na se\u00e7\u00e3o \u201cPontos Cardeais\u201d, h\u00e1 dois textos introdut\u00f3rios sobre o tema. No primeiro, o enfoque \u00e9 para a import\u00e2ncia desse n\u00edvel de ensino no desenvolvimento pleno do ser humano. No segundo, s\u00e3o apresentados os resultados do Semin\u00e1rio \u201cA Cidadania Antes dos Sete\u201d. Em &#8220;Quem \u00e9 Quem&#8221;, temos a rela\u00e7\u00e3o de 77 institui\u00e7\u00f5es com atua\u00e7\u00e3o na \u00e1rea de educa\u00e7\u00e3o infantil, fornecendo dados b\u00e1sicos como endere\u00e7o, contatos, breve descri\u00e7\u00e3o e profissionais da institui\u00e7\u00e3o. O livro, que foi dividido em oito partes, aborda ainda sugest\u00f5es de pauta, de livros, de links e muito mais.<\/p><p>Governos, organismos internacionais e da sociedade civil de diversos pa\u00edses t\u00eam tratado a educa\u00e7\u00e3o e o cuidado na primeira inf\u00e2ncia (0 a 6 anos) como assunto priorit\u00e1rio. No Brasil, a educa\u00e7\u00e3o infantil \u00e9 um direito assegurado pela Constitui\u00e7\u00e3o Federal de 1988 e, a partir da LDB (Lei de Diretrizes e Bases da Educa\u00e7\u00e3o Nacional) de 1996, passou a ser definida como a primeira etapa da educa\u00e7\u00e3o b\u00e1sica. Nesse contexto, o livro Fontes para a educa\u00e7\u00e3o infantil, que tamb\u00e9m tem uma vers\u00e3o on-line www.fonteseducacaoinfantil.org.br, pode ser considerado um importante instrumento para fortalecer a chamada \u201ccidadania antes dos sete\u201d.<\/p><p><strong>Fontes para a educa\u00e7\u00e3o infantil<br \/><\/strong><strong>ISBN:<\/strong>\u00a08524908963<br \/><strong>Ano:<\/strong>\u00a02003<br \/><strong>Editora:<\/strong>\u00a0Cortez<br \/><strong>Organizador:<\/strong>\u00a0Funda\u00e7\u00e3o ORSA<br \/><strong>Idioma:<\/strong>\u00a0Portugu\u00eas<br \/><strong>Acabamento:<\/strong>\u00a0Brochura<br \/><strong>Peso:<\/strong>\u00a00,515 kg<br \/><strong>Formato:<\/strong>\u00a016 x 23<br \/><strong>Edi\u00e7\u00e3o:<\/strong>\u00a01\u00aa<\/p>\t\t\t\t\t\t\t\t<\/div>\n\t\t\t\t<\/div>\n\t\t\t\t\t<\/div>\n\t\t<\/div>\n\t\t\t\t\t<\/div>\n\t\t<\/section>\n\t\t\t\t<section class=\"elementor-section elementor-top-section elementor-element elementor-element-999e8fa elementor-section-boxed elementor-section-height-default elementor-section-height-default\" data-id=\"999e8fa\" data-element_type=\"section\">\n\t\t\t\t\t\t<div class=\"elementor-container elementor-column-gap-default\">\n\t\t\t\t\t<div class=\"elementor-column elementor-col-100 elementor-top-column elementor-element elementor-element-b896279\" data-id=\"b896279\" data-element_type=\"column\">\n\t\t\t<div class=\"elementor-widget-wrap elementor-element-populated\">\n\t\t\t\t\t\t<div class=\"elementor-element elementor-element-1e96a07 gallery-spacing-custom elementor-widget elementor-widget-image-gallery\" data-id=\"1e96a07\" data-element_type=\"widget\" data-widget_type=\"image-gallery.default\">\n\t\t\t\t<div class=\"elementor-widget-container\">\n\t\t\t\t\t\t\t<div class=\"elementor-image-gallery\">\n\t\t\t<div id='gallery-1' class='gallery galleryid-275 gallery-columns-3 gallery-size-medium'><figure class='gallery-item'>\n\t\t\t<div class='gallery-icon portrait'>\n\t\t\t\t<a data-elementor-open-lightbox=\"yes\" data-elementor-lightbox-slideshow=\"1e96a07\" data-elementor-lightbox-title=\"2003_fontes_educacao_infantil_capa\" data-e-action-hash=\"#elementor-action%3Aaction%3Dlightbox%26settings%3DeyJpZCI6MTA0MywidXJsIjoiaHR0cHM6XC9cL21pZGlhbWl4LmNvbS5iclwvZWRpdG9yYVwvd3AtY29udGVudFwvdXBsb2Fkc1wvMjAyMFwvMTJcLzIwMDNfZm9udGVzX2VkdWNhY2FvX2luZmFudGlsX2NhcGEucG5nIiwic2xpZGVzaG93IjoiMWU5NmEwNyJ9\" href='https:\/\/midiamix.com.br\/editora\/wp-content\/uploads\/2020\/12\/2003_fontes_educacao_infantil_capa.png'><img decoding=\"async\" width=\"206\" height=\"300\" src=\"https:\/\/midiamix.com.br\/editora\/wp-content\/uploads\/2020\/12\/2003_fontes_educacao_infantil_capa-206x300.png\" class=\"attachment-medium size-medium\" alt=\"\" aria-describedby=\"gallery-1-1043\" srcset=\"https:\/\/midiamix.com.br\/editora\/wp-content\/uploads\/2020\/12\/2003_fontes_educacao_infantil_capa-206x300.png 206w, https:\/\/midiamix.com.br\/editora\/wp-content\/uploads\/2020\/12\/2003_fontes_educacao_infantil_capa.png 533w\" sizes=\"(max-width: 206px) 100vw, 206px\" \/><\/a>\n\t\t\t<\/div>\n\t\t\t\t<figcaption class='wp-caption-text gallery-caption' id='gallery-1-1043'>\n\t\t\t\tCapa\n\t\t\t\t<\/figcaption><\/figure><figure class='gallery-item'>\n\t\t\t<div class='gallery-icon portrait'>\n\t\t\t\t<a data-elementor-open-lightbox=\"yes\" data-elementor-lightbox-slideshow=\"1e96a07\" data-elementor-lightbox-title=\"2003_fontes_educacao_infantil_interna\" data-e-action-hash=\"#elementor-action%3Aaction%3Dlightbox%26settings%3DeyJpZCI6MTA0NCwidXJsIjoiaHR0cHM6XC9cL21pZGlhbWl4LmNvbS5iclwvZWRpdG9yYVwvd3AtY29udGVudFwvdXBsb2Fkc1wvMjAyMFwvMTJcLzIwMDNfZm9udGVzX2VkdWNhY2FvX2luZmFudGlsX2ludGVybmEucG5nIiwic2xpZGVzaG93IjoiMWU5NmEwNyJ9\" href='https:\/\/midiamix.com.br\/editora\/wp-content\/uploads\/2020\/12\/2003_fontes_educacao_infantil_interna.png'><img decoding=\"async\" width=\"197\" height=\"300\" src=\"https:\/\/midiamix.com.br\/editora\/wp-content\/uploads\/2020\/12\/2003_fontes_educacao_infantil_interna-197x300.png\" class=\"attachment-medium size-medium\" alt=\"\" aria-describedby=\"gallery-1-1044\" srcset=\"https:\/\/midiamix.com.br\/editora\/wp-content\/uploads\/2020\/12\/2003_fontes_educacao_infantil_interna-197x300.png 197w, https:\/\/midiamix.com.br\/editora\/wp-content\/uploads\/2020\/12\/2003_fontes_educacao_infantil_interna.png 520w\" sizes=\"(max-width: 197px) 100vw, 197px\" \/><\/a>\n\t\t\t<\/div>\n\t\t\t\t<figcaption class='wp-caption-text gallery-caption' id='gallery-1-1044'>\n\t\t\t\tP\u00e1gina interna &#8211; Gloss\u00e1rio\n\t\t\t\t<\/figcaption><\/figure><figure class='gallery-item'>\n\t\t\t<div class='gallery-icon portrait'>\n\t\t\t\t<a data-elementor-open-lightbox=\"yes\" data-elementor-lightbox-slideshow=\"1e96a07\" data-elementor-lightbox-title=\"2003_fontes_educacao_infantil_interna2\" data-e-action-hash=\"#elementor-action%3Aaction%3Dlightbox%26settings%3DeyJpZCI6MTA0NSwidXJsIjoiaHR0cHM6XC9cL21pZGlhbWl4LmNvbS5iclwvZWRpdG9yYVwvd3AtY29udGVudFwvdXBsb2Fkc1wvMjAyMFwvMTJcLzIwMDNfZm9udGVzX2VkdWNhY2FvX2luZmFudGlsX2ludGVybmEyLnBuZyIsInNsaWRlc2hvdyI6IjFlOTZhMDcifQ%3D%3D\" href='https:\/\/midiamix.com.br\/editora\/wp-content\/uploads\/2020\/12\/2003_fontes_educacao_infantil_interna2.png'><img loading=\"lazy\" decoding=\"async\" width=\"196\" height=\"300\" src=\"https:\/\/midiamix.com.br\/editora\/wp-content\/uploads\/2020\/12\/2003_fontes_educacao_infantil_interna2-196x300.png\" class=\"attachment-medium size-medium\" alt=\"\" aria-describedby=\"gallery-1-1045\" srcset=\"https:\/\/midiamix.com.br\/editora\/wp-content\/uploads\/2020\/12\/2003_fontes_educacao_infantil_interna2-196x300.png 196w, https:\/\/midiamix.com.br\/editora\/wp-content\/uploads\/2020\/12\/2003_fontes_educacao_infantil_interna2.png 515w\" sizes=\"(max-width: 196px) 100vw, 196px\" \/><\/a>\n\t\t\t<\/div>\n\t\t\t\t<figcaption class='wp-caption-text gallery-caption' id='gallery-1-1045'>\n\t\t\t\tP\u00e1gina interna &#8211; Gloss\u00e1rio\n\t\t\t\t<\/figcaption><\/figure>\n\t\t<\/div>\n\t\t<\/div>\n\t\t\t\t\t\t<\/div>\n\t\t\t\t<\/div>\n\t\t\t\t\t<\/div>\n\t\t<\/div>\n\t\t\t\t\t<\/div>\n\t\t<\/section>\n\t\t\t\t<\/div>\n\t\t","protected":false},"excerpt":{"rendered":"<p>Com o objetivo de qualificar as coberturas jornal\u00edsticas sobre temas relacionados \u00e0 educa\u00e7\u00e3o infantil, a Unesco (Organiza\u00e7\u00e3o das Na\u00e7\u00f5es Unidas para a Educa\u00e7\u00e3o) e a Funda\u00e7\u00e3o Orsa organizaram o livro\u00a0Fontes para a educa\u00e7\u00e3o infantil, editado pela Cortez com lan\u00e7amento em Bras\u00edlia, Bel\u00e9m e S\u00e3o Paulo, al\u00e9m de ter sido apresentado no F\u00f3rum Social de Educa\u00e7\u00e3o, [&hellip;]<\/p>\n","protected":false},"author":1,"featured_media":278,"comment_status":"open","ping_status":"open","sticky":false,"template":"","format":"standard","meta":{"footnotes":""},"categories":[5],"tags":[4],"class_list":["post-275","post","type-post","status-publish","format-standard","has-post-thumbnail","hentry","category-portfolio","tag-publicacoes"],"_links":{"self":[{"href":"https:\/\/midiamix.com.br\/editora\/wp-json\/wp\/v2\/posts\/275","targetHints":{"allow":["GET"]}}],"collection":[{"href":"https:\/\/midiamix.com.br\/editora\/wp-json\/wp\/v2\/posts"}],"about":[{"href":"https:\/\/midiamix.com.br\/editora\/wp-json\/wp\/v2\/types\/post"}],"author":[{"embeddable":true,"href":"https:\/\/midiamix.com.br\/editora\/wp-json\/wp\/v2\/users\/1"}],"replies":[{"embeddable":true,"href":"https:\/\/midiamix.com.br\/editora\/wp-json\/wp\/v2\/comments?post=275"}],"version-history":[{"count":3,"href":"https:\/\/midiamix.com.br\/editora\/wp-json\/wp\/v2\/posts\/275\/revisions"}],"predecessor-version":[{"id":1046,"href":"https:\/\/midiamix.com.br\/editora\/wp-json\/wp\/v2\/posts\/275\/revisions\/1046"}],"wp:featuredmedia":[{"embeddable":true,"href":"https:\/\/midiamix.com.br\/editora\/wp-json\/wp\/v2\/media\/278"}],"wp:attachment":[{"href":"https:\/\/midiamix.com.br\/editora\/wp-json\/wp\/v2\/media?parent=275"}],"wp:term":[{"taxonomy":"category","embeddable":true,"href":"https:\/\/midiamix.com.br\/editora\/wp-json\/wp\/v2\/categories?post=275"},{"taxonomy":"post_tag","embeddable":true,"href":"https:\/\/midiamix.com.br\/editora\/wp-json\/wp\/v2\/tags?post=275"}],"curies":[{"name":"wp","href":"https:\/\/api.w.org\/{rel}","templated":true}]}}